{"id":234,"date":"2026-08-21T08:04:38","date_gmt":"2026-08-21T11:04:38","guid":{"rendered":"https:\/\/www.officinadoacrilico.com.br\/blog\/?p=234"},"modified":"2026-08-26T08:05:19","modified_gmt":"2026-08-26T11:05:19","slug":"cupulas-em-acrilico-quando-vale-a-pena","status":"publish","type":"post","link":"https:\/\/www.officinadoacrilico.com.br\/blog\/cupulas-em-acrilico-quando-vale-a-pena\/","title":{"rendered":"C\u00fapulas em acr\u00edlico: quando vale a pena?"},"content":{"rendered":"<span class=\"span-reading-time rt-reading-time\" style=\"display: block;\"><span class=\"rt-label rt-prefix\">Tempo de leitura: <\/span> <span class=\"rt-time\"> 4<\/span> <span class=\"rt-label rt-postfix\">minutos<\/span><\/span>\n<p class=\"wp-block-paragraph\"><strong><em>Veja quando vale a pena optar por c\u00fapulas em acr\u00edlico para proteger e destacar objetos, cole\u00e7\u00f5es e pe\u00e7as decorativas com qualidade.<\/em><\/strong><\/p>\n\n\n\n<p class=\"wp-block-paragraph\">Quem trabalha com exposi\u00e7\u00e3o de objetos sabe que prote\u00e7\u00e3o e visibilidade costumam andar em dire\u00e7\u00f5es opostas. Cobrir demais esconde o que deveria ser admirado, e deixar exposto demais coloca a pe\u00e7a em risco.<\/p>\n\n\n\n<p class=\"wp-block-paragraph\">As c\u00fapulas em acr\u00edlico resolvem exatamente esse conflito. Elas isolam o objeto do ambiente sem interferir na vis\u00e3o de quem observa.<\/p>\n\n\n\n<p class=\"wp-block-paragraph\">Mas nem toda situa\u00e7\u00e3o pede esse tipo de solu\u00e7\u00e3o. Entender quando vale a pena investir nesse recurso evita gastos e garante que o resultado realmente atenda ao prop\u00f3sito.<\/p>\n\n\n\n<ul class=\"wp-block-list\">\n<li><a href=\"https:\/\/www.officinadoacrilico.com.br\/blog\/expositores-de-acrilico-para-lojas-como-escolher-certo\/\" target=\"_blank\" rel=\"noreferrer noopener\"><strong>Expositores de acr\u00edlico para lojas: como escolher certo<\/strong><\/a><\/li>\n<\/ul>\n\n\n\n<div id=\"ez-toc-container\" class=\"ez-toc-v2_0_72 counter-hierarchy ez-toc-counter ez-toc-white ez-toc-container-direction\">\n<div class=\"ez-toc-title-container\">\n<p class=\"ez-toc-title\" style=\"cursor:inherit\">Lista de t\u00f3picos:<\/p>\n<span class=\"ez-toc-title-toggle\"><a href=\"#\" class=\"ez-toc-pull-right ez-toc-btn ez-toc-btn-xs ez-toc-btn-default ez-toc-toggle\" aria-label=\"Toggle Table of Content\"><span class=\"ez-toc-js-icon-con\"><span class=\"\"><span class=\"eztoc-hide\" style=\"display:none;\">Toggle<\/span><span class=\"ez-toc-icon-toggle-span\"><svg style=\"fill: #999;color:#999\" xmlns=\"http:\/\/www.w3.org\/2000\/svg\" class=\"list-377408\" width=\"20px\" height=\"20px\" viewBox=\"0 0 24 24\" fill=\"none\"><path d=\"M6 6H4v2h2V6zm14 0H8v2h12V6zM4 11h2v2H4v-2zm16 0H8v2h12v-2zM4 16h2v2H4v-2zm16 0H8v2h12v-2z\" fill=\"currentColor\"><\/path><\/svg><svg style=\"fill: #999;color:#999\" class=\"arrow-unsorted-368013\" xmlns=\"http:\/\/www.w3.org\/2000\/svg\" width=\"10px\" height=\"10px\" viewBox=\"0 0 24 24\" version=\"1.2\" baseProfile=\"tiny\"><path d=\"M18.2 9.3l-6.2-6.3-6.2 6.3c-.2.2-.3.4-.3.7s.1.5.3.7c.2.2.4.3.7.3h11c.3 0 .5-.1.7-.3.2-.2.3-.5.3-.7s-.1-.5-.3-.7zM5.8 14.7l6.2 6.3 6.2-6.3c.2-.2.3-.5.3-.7s-.1-.5-.3-.7c-.2-.2-.4-.3-.7-.3h-11c-.3 0-.5.1-.7.3-.2.2-.3.5-.3.7s.1.5.3.7z\"\/><\/svg><\/span><\/span><\/span><\/a><\/span><\/div>\n<nav><ul class='ez-toc-list ez-toc-list-level-1 ' ><li class='ez-toc-page-1 ez-toc-heading-level-2'><a class=\"ez-toc-link ez-toc-heading-1\" href=\"https:\/\/www.officinadoacrilico.com.br\/blog\/cupulas-em-acrilico-quando-vale-a-pena\/#O_que_sao_as_cupulas_em_acrilico\" title=\"O que s\u00e3o as c\u00fapulas em acr\u00edlico?\">O que s\u00e3o as c\u00fapulas em acr\u00edlico?<\/a><\/li><li class='ez-toc-page-1 ez-toc-heading-level-2'><a class=\"ez-toc-link ez-toc-heading-2\" href=\"https:\/\/www.officinadoacrilico.com.br\/blog\/cupulas-em-acrilico-quando-vale-a-pena\/#Quando_vale_a_pena_investir_em_cupulas_em_acrilico\" title=\"Quando vale a pena investir em c\u00fapulas em acr\u00edlico?\">Quando vale a pena investir em c\u00fapulas em acr\u00edlico?<\/a><\/li><li class='ez-toc-page-1 ez-toc-heading-level-2'><a class=\"ez-toc-link ez-toc-heading-3\" href=\"https:\/\/www.officinadoacrilico.com.br\/blog\/cupulas-em-acrilico-quando-vale-a-pena\/#Vantagens_do_acrilico_em_relacao_a_outros_materiais\" title=\"Vantagens do acr\u00edlico em rela\u00e7\u00e3o a outros materiais\">Vantagens do acr\u00edlico em rela\u00e7\u00e3o a outros materiais<\/a><\/li><li class='ez-toc-page-1 ez-toc-heading-level-2'><a class=\"ez-toc-link ez-toc-heading-4\" href=\"https:\/\/www.officinadoacrilico.com.br\/blog\/cupulas-em-acrilico-quando-vale-a-pena\/#Aplicacoes_mais_comuns_das_cupulas_em_acrilico\" title=\"Aplica\u00e7\u00f5es mais comuns das c\u00fapulas em acr\u00edlico\">Aplica\u00e7\u00f5es mais comuns das c\u00fapulas em acr\u00edlico<\/a><\/li><li class='ez-toc-page-1 ez-toc-heading-level-2'><a class=\"ez-toc-link ez-toc-heading-5\" href=\"https:\/\/www.officinadoacrilico.com.br\/blog\/cupulas-em-acrilico-quando-vale-a-pena\/#Como_escolher_a_cupula_em_acrilico_ideal\" title=\"Como escolher a c\u00fapula em acr\u00edlico ideal?\">Como escolher a c\u00fapula em acr\u00edlico ideal?<\/a><\/li><li class='ez-toc-page-1 ez-toc-heading-level-2'><a class=\"ez-toc-link ez-toc-heading-6\" href=\"https:\/\/www.officinadoacrilico.com.br\/blog\/cupulas-em-acrilico-quando-vale-a-pena\/#Cupulas_em_acrilico_sob_medida_com_a_Officina_do_Acrilico\" title=\"C\u00fapulas em acr\u00edlico sob medida com a Officina do Acr\u00edlico!\">C\u00fapulas em acr\u00edlico sob medida com a Officina do Acr\u00edlico!<\/a><\/li><\/ul><\/nav><\/div>\n<h2 class=\"wp-block-heading\"><span class=\"ez-toc-section\" id=\"O_que_sao_as_cupulas_em_acrilico\"><\/span>O que s\u00e3o as c\u00fapulas em acr\u00edlico?<span class=\"ez-toc-section-end\"><\/span><\/h2>\n\n\n\n<p class=\"wp-block-paragraph\">Uma c\u00fapula em acr\u00edlico \u00e9 uma estrutura transparente, geralmente moldada em formato arredondado ou retangular, usada para cobrir e proteger objetos. O material combina leveza com resist\u00eancia mec\u00e2nica, o que facilita o manuseio no dia a dia.<\/p>\n\n\n\n<p class=\"wp-block-paragraph\">Diferente de outras coberturas, o acr\u00edlico n\u00e3o amarela com facilidade e mant\u00e9m a transpar\u00eancia por muito mais tempo. Isso preserva a qualidade visual do item protegido ao longo dos anos.<\/p>\n\n\n\n<p class=\"wp-block-paragraph\">Esse tipo de estrutura \u00e9 usado tanto em ambientes comerciais quanto residenciais. Vitrines, lojas, escrit\u00f3rios e cole\u00e7\u00f5es particulares costumam recorrer a esse recurso pela praticidade que ele oferece.<\/p>\n\n\n\n<ul class=\"wp-block-list\">\n<li><a href=\"https:\/\/www.officinadoacrilico.com.br\/blog\/acrilico-sob-medida-destaque-sua-marca-com-displays-exclusivos\/\" target=\"_blank\" rel=\"noreferrer noopener\"><strong>Acr\u00edlico sob medida: destaque sua marca com displays exclusivos\u00a0<\/strong><\/a><\/li>\n<\/ul>\n\n\n\n<h2 class=\"wp-block-heading\"><span class=\"ez-toc-section\" id=\"Quando_vale_a_pena_investir_em_cupulas_em_acrilico\"><\/span>Quando vale a pena investir em c\u00fapulas em acr\u00edlico?<span class=\"ez-toc-section-end\"><\/span><\/h2>\n\n\n\n<p class=\"wp-block-paragraph\">O primeiro sinal de que vale a pena \u00e9 a exposi\u00e7\u00e3o cont\u00ednua do objeto ao ambiente. Poeira, luz e manuseio constante desgastam superf\u00edcies aos poucos, e a c\u00fapula interrompe esse processo.<\/p>\n\n\n\n<p class=\"wp-block-paragraph\">Pe\u00e7as de valor sentimental, colecion\u00e1veis raros ou produtos de alto padr\u00e3o tamb\u00e9m justificam o investimento. Nesses casos, a prote\u00e7\u00e3o f\u00edsica se soma a um ganho est\u00e9tico, j\u00e1 que a c\u00fapula valoriza a apresenta\u00e7\u00e3o.<\/p>\n\n\n\n<p class=\"wp-block-paragraph\">Vale a pena ainda quando o objeto fica em local de circula\u00e7\u00e3o de pessoas. Ambientes comerciais, showrooms e recep\u00e7\u00f5es se beneficiam da barreira f\u00edsica sem perder o apelo visual da vitrine.<\/p>\n\n\n\n<ul class=\"wp-block-list\">\n<li><a href=\"https:\/\/www.officinadoacrilico.com.br\/blog\/peca-sua-caixa-de-acrilico-para-lembrancinhas-na-officina-do-acrilico\/\" target=\"_blank\" rel=\"noreferrer noopener\"><strong>Pe\u00e7a sua caixa de acr\u00edlico para lembrancinhas na Officina do Acr\u00edlico<\/strong><\/a><\/li>\n<\/ul>\n\n\n\n<h2 class=\"wp-block-heading\"><span class=\"ez-toc-section\" id=\"Vantagens_do_acrilico_em_relacao_a_outros_materiais\"><\/span>Vantagens do acr\u00edlico em rela\u00e7\u00e3o a outros materiais<span class=\"ez-toc-section-end\"><\/span><\/h2>\n\n\n\n<p class=\"wp-block-paragraph\">O acr\u00edlico \u00e9 significativamente mais resistente a impactos do que o vidro comum. Uma queda acidental ou um esbarr\u00e3o tem muito menos chance de causar rachaduras ou estilha\u00e7os.<\/p>\n\n\n\n<p class=\"wp-block-paragraph\">Outro ponto relevante \u00e9 o peso. As c\u00fapulas em acr\u00edlico s\u00e3o bem mais leves que equivalentes em vidro, o que simplifica transporte, instala\u00e7\u00e3o e manuten\u00e7\u00e3o do espa\u00e7o.<\/p>\n\n\n\n<p class=\"wp-block-paragraph\">A quest\u00e3o da seguran\u00e7a tamb\u00e9m pesa na decis\u00e3o. Como o acr\u00edlico n\u00e3o estilha\u00e7a em peda\u00e7os cortantes, ele reduz riscos em ambientes com circula\u00e7\u00e3o de pessoas ou crian\u00e7as.<\/p>\n\n\n<div class=\"wp-block-image\">\n<figure class=\"aligncenter size-large is-resized\"><a href=\"https:\/\/www.officinadoacrilico.com.br\/cupula-de-acrilico\" target=\"_blank\" rel=\" noopener\"><img loading=\"lazy\" decoding=\"async\" width=\"1024\" height=\"768\" src=\"https:\/\/www.officinadoacrilico.com.br\/blog\/wp-content\/uploads\/2026\/08\/cupulas-em-acrilico-1024x768.jpg\" alt=\"C\u00fapulas em acr\u00edlico: quando vale a pena?\" class=\"wp-image-235\" style=\"width:386px;height:auto\" srcset=\"https:\/\/www.officinadoacrilico.com.br\/blog\/wp-content\/uploads\/2026\/08\/cupulas-em-acrilico-1024x768.jpg 1024w, https:\/\/www.officinadoacrilico.com.br\/blog\/wp-content\/uploads\/2026\/08\/cupulas-em-acrilico-300x225.jpg 300w, https:\/\/www.officinadoacrilico.com.br\/blog\/wp-content\/uploads\/2026\/08\/cupulas-em-acrilico-768x576.jpg 768w, https:\/\/www.officinadoacrilico.com.br\/blog\/wp-content\/uploads\/2026\/08\/cupulas-em-acrilico-80x60.jpg 80w, https:\/\/www.officinadoacrilico.com.br\/blog\/wp-content\/uploads\/2026\/08\/cupulas-em-acrilico.jpg 1448w\" sizes=\"auto, (max-width: 1024px) 100vw, 1024px\" \/><\/a><\/figure>\n<\/div>\n\n\n<h2 class=\"wp-block-heading\"><span class=\"ez-toc-section\" id=\"Aplicacoes_mais_comuns_das_cupulas_em_acrilico\"><\/span>Aplica\u00e7\u00f5es mais comuns das c\u00fapulas em acr\u00edlico<span class=\"ez-toc-section-end\"><\/span><\/h2>\n\n\n\n<p class=\"wp-block-paragraph\">No varejo, essas c\u00fapulas protegem produtos expostos em balc\u00f5es e vitrines sem prejudicar a visibilidade da mercadoria. Isso \u00e9 comum em joalherias, lojas de eletr\u00f4nicos e confeitarias.<\/p>\n\n\n\n<p class=\"wp-block-paragraph\">Colecionadores de miniaturas, trof\u00e9us e itens decorativos usam a solu\u00e7\u00e3o para manter as pe\u00e7as limpas e preservadas. Algumas aplica\u00e7\u00f5es incluem:<\/p>\n\n\n\n<p class=\"wp-block-paragraph\">&#8211; Prote\u00e7\u00e3o de trof\u00e9us e pr\u00eamios em ambientes corporativos;<\/p>\n\n\n\n<p class=\"wp-block-paragraph\">&#8211; Exposi\u00e7\u00e3o de cole\u00e7\u00f5es de miniaturas e action figures;<\/p>\n\n\n\n<p class=\"wp-block-paragraph\">&#8211; Cobertura de produtos aliment\u00edcios em balc\u00f5es comerciais.<\/p>\n\n\n\n<p class=\"wp-block-paragraph\">Ambientes residenciais tamb\u00e9m adotam a solu\u00e7\u00e3o em \u00e1reas como estantes decorativas e salas de exposi\u00e7\u00e3o pessoal. O resultado une organiza\u00e7\u00e3o visual com praticidade na limpeza.<\/p>\n\n\n\n<ul class=\"wp-block-list\">\n<li><a href=\"https:\/\/www.officinadoacrilico.com.br\/blog\/bottons-em-acrilico-personalizados-saiba-onde-fazer-em-cotia\/\" target=\"_blank\" rel=\"noreferrer noopener\"><strong>Bottons em acr\u00edlico personalizados: saiba onde fazer em Cotia<\/strong><\/a><\/li>\n<\/ul>\n\n\n\n<h2 class=\"wp-block-heading\"><span class=\"ez-toc-section\" id=\"Como_escolher_a_cupula_em_acrilico_ideal\"><\/span>Como escolher a c\u00fapula em acr\u00edlico ideal?<span class=\"ez-toc-section-end\"><\/span><\/h2>\n\n\n\n<p class=\"wp-block-paragraph\">O primeiro crit\u00e9rio \u00e9 o tamanho da pe\u00e7a a ser protegida, considerando uma folga adequada para manuseio. Uma c\u00fapula muito justa dificulta o encaixe e o acesso ao objeto.<\/p>\n\n\n\n<p class=\"wp-block-paragraph\">A espessura do acr\u00edlico tamb\u00e9m interfere diretamente na durabilidade da estrutura. Ambientes com maior circula\u00e7\u00e3o pedem espessuras mais robustas para suportar o uso constante.<\/p>\n\n\n\n<p class=\"wp-block-paragraph\">Por fim, vale considerar o acabamento da base e das bordas, j\u00e1 que esses detalhes afetam tanto a est\u00e9tica quanto a seguran\u00e7a da pe\u00e7a. Um acabamento bem executado evita arestas cortantes e melhora o encaixe.<\/p>\n\n\n\n<ul class=\"wp-block-list\">\n<li><a href=\"https:\/\/www.officinadoacrilico.com.br\/blog\/officina-do-acrilico-fabricante-de-molduras-de-acrilico-em-sp\/\" target=\"_blank\" rel=\"noreferrer noopener\"><strong>Officina do Acr\u00edlico: fabricante de molduras de acr\u00edlico em SP<\/strong><\/a><\/li>\n<\/ul>\n\n\n\n<h2 class=\"wp-block-heading\"><span class=\"ez-toc-section\" id=\"Cupulas_em_acrilico_sob_medida_com_a_Officina_do_Acrilico\"><\/span>C\u00fapulas em acr\u00edlico sob medida com a Officina do Acr\u00edlico!<span class=\"ez-toc-section-end\"><\/span><\/h2>\n\n\n\n<p class=\"wp-block-paragraph\">A <a href=\"https:\/\/www.officinadoacrilico.com.br\/blog\/\" target=\"_blank\" rel=\"noreferrer noopener\"><strong>Officina do Acr\u00edlico<\/strong><\/a> transforma ideias em solu\u00e7\u00f5es personalizadas que unem funcionalidade, resist\u00eancia e acabamento de qualidade. Cada projeto \u00e9 pensado de acordo com o objeto, o espa\u00e7o e o uso pretendido.<\/p>\n\n\n\n<p class=\"wp-block-paragraph\">Se voc\u00ea j\u00e1 identificou que vale a pena investir em uma c\u00fapula em acr\u00edlico para proteger e destacar o que importa, <a href=\"https:\/\/www.officinadoacrilico.com.br\/contato\" target=\"_blank\" rel=\"noreferrer noopener\"><strong>entre em contato com nossa equipe<\/strong><\/a> e solicite um or\u00e7amento!<\/p>\n","protected":false},"excerpt":{"rendered":"<p><span class=\"span-reading-time rt-reading-time\" style=\"display: block;\"><span class=\"rt-label rt-prefix\">Tempo de leitura: <\/span> <span class=\"rt-time\"> 4<\/span> <span class=\"rt-label rt-postfix\">minutos<\/span><\/span>Veja quando vale a pena optar por c\u00fapulas em acr\u00edlico para proteger e destacar objetos, cole\u00e7\u00f5es e pe\u00e7as decorativas com qualidade. Quem trabalha com exposi\u00e7\u00e3o de objetos sabe que prote\u00e7\u00e3o e visibilidade costumam andar em dire\u00e7\u00f5es opostas. Cobrir demais esconde o que deveria ser admirado, e deixar exposto demais coloca a pe\u00e7a em risco. As &hellip; <\/p>\n","protected":false},"author":1,"featured_media":235,"comment_status":"open","ping_status":"open","sticky":false,"template":"","format":"standard","meta":{"footnotes":""},"categories":[520],"tags":[1626,1631,1624,1634,1635,1632,1625,1628,1622,1630,1579,1586,1589,1609,1601,1610,1611,1604,1602,1615,1605,1607,1608,1599,1590,1614,1618,1612,1621,1616,1617,1591,1603,1606,1588,1613,1619,1600,1593,1596,1597,1598,1594,1585,1592,1587,1595,1581,1582,1580,1583,1584,1627,1623,1629,1620,1633],"class_list":["post-234","post","type-post","status-publish","format-standard","has-post-thumbnail","hentry","category-cupulas-de-acrilico","tag-como-escolher-o-tamanho-certo-da-cupula-em-acrilico","tag-como-limpar-uma-cupula-em-acrilico","tag-cupula-em-acrilico-amarela-com-o-tempo","tag-cupula-em-acrilico-e-boa-para-vitrine-de-loja","tag-cupula-em-acrilico-e-ideal-para-colecoes","tag-cupula-em-acrilico-e-mais-segura-que-o-vidro","tag-cupula-em-acrilico-e-resistente-a-impacto","tag-cupula-em-acrilico-pode-ser-feita-sob-medida","tag-cupula-em-acrilico-protege-contra-poeira","tag-cupula-em-acrilico-serve-para-proteger-trofeus","tag-cupulas-em-acrilico","tag-cupulas-em-acrilico-comprar","tag-cupulas-em-acrilico-direto-da-fabrica","tag-cupulas-em-acrilico-em-carapicuiba","tag-cupulas-em-acrilico-em-cotia","tag-cupulas-em-acrilico-em-diadema","tag-cupulas-em-acrilico-em-embu-das-artes","tag-cupulas-em-acrilico-em-guarulhos","tag-cupulas-em-acrilico-em-ibiuna","tag-cupulas-em-acrilico-em-itapecerica-da-serra","tag-cupulas-em-acrilico-em-itapevi","tag-cupulas-em-acrilico-em-jandira","tag-cupulas-em-acrilico-em-maua","tag-cupulas-em-acrilico-em-osasco","tag-cupulas-em-acrilico-em-promocao","tag-cupulas-em-acrilico-em-ribeirao-pires","tag-cupulas-em-acrilico-em-rio-grande-da-serra","tag-cupulas-em-acrilico-em-santo-andre","tag-cupulas-em-acrilico-em-sao-bernardo-do-campo","tag-cupulas-em-acrilico-em-sao-caetano-do-sul","tag-cupulas-em-acrilico-em-sao-lourenco-da-serra","tag-cupulas-em-acrilico-em-sao-paulo","tag-cupulas-em-acrilico-em-sao-roque","tag-cupulas-em-acrilico-em-sorocaba","tag-cupulas-em-acrilico-em-sp","tag-cupulas-em-acrilico-em-taboao-da-serra","tag-cupulas-em-acrilico-em-vargem-grande-paulista","tag-cupulas-em-acrilico-na-grande-sao-paulo","tag-cupulas-em-acrilico-na-zona-leste","tag-cupulas-em-acrilico-na-zona-norte","tag-cupulas-em-acrilico-na-zona-oeste","tag-cupulas-em-acrilico-na-zona-sudeste","tag-cupulas-em-acrilico-na-zona-sul","tag-cupulas-em-acrilico-onde-encontrar","tag-cupulas-em-acrilico-perto-de-mim","tag-cupulas-em-acrilico-preco","tag-cupulas-em-acrilico-proximo-a-mim","tag-empresa-de-cupulas-em-acrilico","tag-fabrica-de-cupulas-em-acrilico","tag-fabricante-de-cupulas-em-acrilico","tag-fornecedor-de-cupulas-em-acrilico","tag-loja-de-cupulas-em-acrilico","tag-onde-usar-cupula-em-acrilico","tag-qual-a-diferenca-entre-cupula-de-acrilico-e-de-vidro","tag-qual-espessura-de-acrilico-usar-em-uma-cupula","tag-quando-vale-a-pena-usar-cupula-em-acrilico","tag-quanto-custa-uma-cupula-em-acrilico-personalizada","latest_post"],"yoast_head":"<!-- This site is optimized with the Yoast SEO plugin v24.4 - https:\/\/yoast.com\/wordpress\/plugins\/seo\/ -->\n<title>C\u00fapulas em acr\u00edlico: quando vale a pena? - Officina do Acrilico<\/title>\n<meta name=\"description\" content=\"C\u00fapulas em acr\u00edlico unem prote\u00e7\u00e3o e transpar\u00eancia para destacar objetos, cole\u00e7\u00f5es e pe\u00e7as decorativas com resist\u00eancia e acabamento impec\u00e1vel.\" \/>\n<meta name=\"robots\" content=\"index, follow, max-snippet:-1, max-image-preview:large, max-video-preview:-1\" \/>\n<link rel=\"canonical\" href=\"https:\/\/www.officinadoacrilico.com.br\/blog\/cupulas-em-acrilico-quando-vale-a-pena\/\" \/>\n<meta property=\"og:locale\" content=\"pt_BR\" \/>\n<meta property=\"og:type\" content=\"article\" \/>\n<meta property=\"og:title\" content=\"C\u00fapulas em acr\u00edlico: quando vale a pena? - Officina do Acrilico\" \/>\n<meta property=\"og:description\" content=\"C\u00fapulas em acr\u00edlico unem prote\u00e7\u00e3o e transpar\u00eancia para destacar objetos, cole\u00e7\u00f5es e pe\u00e7as decorativas com resist\u00eancia e acabamento impec\u00e1vel.\" \/>\n<meta property=\"og:url\" content=\"https:\/\/www.officinadoacrilico.com.br\/blog\/cupulas-em-acrilico-quando-vale-a-pena\/\" \/>\n<meta property=\"og:site_name\" content=\"Officina do Acrilico\" \/>\n<meta property=\"article:published_time\" content=\"2026-08-21T11:04:38+00:00\" \/>\n<meta property=\"article:modified_time\" content=\"2026-08-26T11:05:19+00:00\" \/>\n<meta property=\"og:image\" content=\"https:\/\/www.officinadoacrilico.com.br\/blog\/wp-content\/uploads\/2026\/08\/cupulas-em-acrilico.jpg\" \/>\n\t<meta property=\"og:image:width\" content=\"1448\" \/>\n\t<meta property=\"og:image:height\" content=\"1086\" \/>\n\t<meta property=\"og:image:type\" content=\"image\/jpeg\" \/>\n<meta name=\"author\" content=\"admin\" \/>\n<meta name=\"twitter:card\" content=\"summary_large_image\" \/>\n<meta name=\"twitter:label1\" content=\"Escrito por\" \/>\n\t<meta name=\"twitter:data1\" content=\"admin\" \/>\n\t<meta name=\"twitter:label2\" content=\"Est. tempo de leitura\" \/>\n\t<meta name=\"twitter:data2\" content=\"5 minutos\" \/>\n<script type=\"application\/ld+json\" class=\"yoast-schema-graph\">{\"@context\":\"https:\/\/schema.org\",\"@graph\":[{\"@type\":\"Article\",\"@id\":\"https:\/\/www.officinadoacrilico.com.br\/blog\/cupulas-em-acrilico-quando-vale-a-pena\/#article\",\"isPartOf\":{\"@id\":\"https:\/\/www.officinadoacrilico.com.br\/blog\/cupulas-em-acrilico-quando-vale-a-pena\/\"},\"author\":{\"name\":\"admin\",\"@id\":\"https:\/\/www.officinadoacrilico.com.br\/blog\/#\/schema\/person\/a4aa7fe3a4ee905122709c2390d42d15\"},\"headline\":\"C\u00fapulas em acr\u00edlico: quando vale a pena?\",\"datePublished\":\"2026-08-21T11:04:38+00:00\",\"dateModified\":\"2026-08-26T11:05:19+00:00\",\"mainEntityOfPage\":{\"@id\":\"https:\/\/www.officinadoacrilico.com.br\/blog\/cupulas-em-acrilico-quando-vale-a-pena\/\"},\"wordCount\":836,\"commentCount\":0,\"publisher\":{\"@id\":\"https:\/\/www.officinadoacrilico.com.br\/blog\/#organization\"},\"image\":{\"@id\":\"https:\/\/www.officinadoacrilico.com.br\/blog\/cupulas-em-acrilico-quando-vale-a-pena\/#primaryimage\"},\"thumbnailUrl\":\"https:\/\/www.officinadoacrilico.com.br\/blog\/wp-content\/uploads\/2026\/08\/cupulas-em-acrilico.jpg\",\"keywords\":[\"Como escolher o tamanho certo da c\u00fapula em acr\u00edlico?\",\"Como limpar uma c\u00fapula em acr\u00edlico?\",\"C\u00fapula em acr\u00edlico amarela com o tempo?\",\"C\u00fapula em acr\u00edlico \u00e9 boa para vitrine de loja?\",\"C\u00fapula em acr\u00edlico \u00e9 ideal para cole\u00e7\u00f5es?\",\"C\u00fapula em acr\u00edlico \u00e9 mais segura que o vidro?\",\"C\u00fapula em acr\u00edlico \u00e9 resistente a impacto?\",\"C\u00fapula em acr\u00edlico pode ser feita sob medida?\",\"C\u00fapula em acr\u00edlico protege contra poeira?\",\"C\u00fapula em acr\u00edlico serve para proteger trof\u00e9us?\",\"C\u00fapulas em acr\u00edlico\",\"C\u00fapulas em acr\u00edlico comprar\",\"C\u00fapulas em acr\u00edlico direto da fabrica\",\"C\u00fapulas em acr\u00edlico em Carapicu\u00edba\",\"C\u00fapulas em acr\u00edlico em Cotia\",\"C\u00fapulas em acr\u00edlico em Diadema\",\"C\u00fapulas em acr\u00edlico em Embu das Artes\",\"C\u00fapulas em acr\u00edlico em Guarulhos\",\"C\u00fapulas em acr\u00edlico em Ibi\u00fana\",\"C\u00fapulas em acr\u00edlico em Itapecerica da Serra\",\"C\u00fapulas em acr\u00edlico em Itapevi\",\"C\u00fapulas em acr\u00edlico em Jandira\",\"C\u00fapulas em acr\u00edlico em Mau\u00e1\",\"C\u00fapulas em acr\u00edlico em Osasco\",\"C\u00fapulas em acr\u00edlico em promo\u00e7\u00e3o\",\"C\u00fapulas em acr\u00edlico em Ribeir\u00e3o Pires\",\"C\u00fapulas em acr\u00edlico em Rio Grande da Serra\",\"C\u00fapulas em acr\u00edlico em Santo Andr\u00e9\",\"C\u00fapulas em acr\u00edlico em S\u00e3o Bernardo do Campo\",\"C\u00fapulas em acr\u00edlico em S\u00e3o Caetano do Sul\",\"C\u00fapulas em acr\u00edlico em S\u00e3o Louren\u00e7o da Serra\",\"C\u00fapulas em acr\u00edlico em S\u00e3o Paulo\",\"C\u00fapulas em acr\u00edlico em S\u00e3o Roque\",\"C\u00fapulas em acr\u00edlico em Sorocaba\",\"C\u00fapulas em acr\u00edlico em SP\",\"C\u00fapulas em acr\u00edlico em Tabo\u00e3o da Serra\",\"C\u00fapulas em acr\u00edlico em Vargem Grande Paulista\",\"C\u00fapulas em acr\u00edlico na Grande S\u00e3o Paulo\",\"C\u00fapulas em acr\u00edlico na Zona Leste\",\"C\u00fapulas em acr\u00edlico na Zona Norte\",\"C\u00fapulas em acr\u00edlico na Zona Oeste\",\"C\u00fapulas em acr\u00edlico na Zona Sudeste\",\"C\u00fapulas em acr\u00edlico na Zona Sul\",\"C\u00fapulas em acr\u00edlico onde encontrar\",\"C\u00fapulas em acr\u00edlico perto de mim\",\"C\u00fapulas em acr\u00edlico pre\u00e7o\",\"C\u00fapulas em acr\u00edlico pr\u00f3ximo a mim\",\"Empresa de c\u00fapulas em acr\u00edlico\",\"F\u00e1brica de c\u00fapulas em acr\u00edlico\",\"Fabricante de c\u00fapulas em acr\u00edlico\",\"Fornecedor de c\u00fapulas em acr\u00edlico\",\"Loja de c\u00fapulas em acr\u00edlico\",\"Onde usar c\u00fapula em acr\u00edlico?\",\"Qual a diferen\u00e7a entre c\u00fapula de acr\u00edlico e de vidro?\",\"Qual espessura de acr\u00edlico usar em uma c\u00fapula?\",\"Quando vale a pena usar c\u00fapula em acr\u00edlico?\",\"Quanto custa uma c\u00fapula em acr\u00edlico personalizada?\"],\"articleSection\":[\"c\u00fapulas de acr\u00edlico\"],\"inLanguage\":\"pt-BR\",\"potentialAction\":[{\"@type\":\"CommentAction\",\"name\":\"Comment\",\"target\":[\"https:\/\/www.officinadoacrilico.com.br\/blog\/cupulas-em-acrilico-quando-vale-a-pena\/#respond\"]}]},{\"@type\":\"WebPage\",\"@id\":\"https:\/\/www.officinadoacrilico.com.br\/blog\/cupulas-em-acrilico-quando-vale-a-pena\/\",\"url\":\"https:\/\/www.officinadoacrilico.com.br\/blog\/cupulas-em-acrilico-quando-vale-a-pena\/\",\"name\":\"C\u00fapulas em acr\u00edlico: quando vale a pena? - Officina do Acrilico\",\"isPartOf\":{\"@id\":\"https:\/\/www.officinadoacrilico.com.br\/blog\/#website\"},\"primaryImageOfPage\":{\"@id\":\"https:\/\/www.officinadoacrilico.com.br\/blog\/cupulas-em-acrilico-quando-vale-a-pena\/#primaryimage\"},\"image\":{\"@id\":\"https:\/\/www.officinadoacrilico.com.br\/blog\/cupulas-em-acrilico-quando-vale-a-pena\/#primaryimage\"},\"thumbnailUrl\":\"https:\/\/www.officinadoacrilico.com.br\/blog\/wp-content\/uploads\/2026\/08\/cupulas-em-acrilico.jpg\",\"datePublished\":\"2026-08-21T11:04:38+00:00\",\"dateModified\":\"2026-08-26T11:05:19+00:00\",\"description\":\"C\u00fapulas em acr\u00edlico unem prote\u00e7\u00e3o e transpar\u00eancia para destacar objetos, cole\u00e7\u00f5es e pe\u00e7as decorativas com resist\u00eancia e acabamento impec\u00e1vel.\",\"breadcrumb\":{\"@id\":\"https:\/\/www.officinadoacrilico.com.br\/blog\/cupulas-em-acrilico-quando-vale-a-pena\/#breadcrumb\"},\"inLanguage\":\"pt-BR\",\"potentialAction\":[{\"@type\":\"ReadAction\",\"target\":[\"https:\/\/www.officinadoacrilico.com.br\/blog\/cupulas-em-acrilico-quando-vale-a-pena\/\"]}]},{\"@type\":\"ImageObject\",\"inLanguage\":\"pt-BR\",\"@id\":\"https:\/\/www.officinadoacrilico.com.br\/blog\/cupulas-em-acrilico-quando-vale-a-pena\/#primaryimage\",\"url\":\"https:\/\/www.officinadoacrilico.com.br\/blog\/wp-content\/uploads\/2026\/08\/cupulas-em-acrilico.jpg\",\"contentUrl\":\"https:\/\/www.officinadoacrilico.com.br\/blog\/wp-content\/uploads\/2026\/08\/cupulas-em-acrilico.jpg\",\"width\":1448,\"height\":1086,\"caption\":\"C\u00fapulas em acr\u00edlico: quando vale a pena?\"},{\"@type\":\"BreadcrumbList\",\"@id\":\"https:\/\/www.officinadoacrilico.com.br\/blog\/cupulas-em-acrilico-quando-vale-a-pena\/#breadcrumb\",\"itemListElement\":[{\"@type\":\"ListItem\",\"position\":1,\"name\":\"In\u00edcio\",\"item\":\"https:\/\/www.officinadoacrilico.com.br\/blog\/\"},{\"@type\":\"ListItem\",\"position\":2,\"name\":\"C\u00fapulas em acr\u00edlico: quando vale a pena?\"}]},{\"@type\":\"WebSite\",\"@id\":\"https:\/\/www.officinadoacrilico.com.br\/blog\/#website\",\"url\":\"https:\/\/www.officinadoacrilico.com.br\/blog\/\",\"name\":\"Officina do Acrilico\",\"description\":\"Blog - Officina do Acrilico\",\"publisher\":{\"@id\":\"https:\/\/www.officinadoacrilico.com.br\/blog\/#organization\"},\"potentialAction\":[{\"@type\":\"SearchAction\",\"target\":{\"@type\":\"EntryPoint\",\"urlTemplate\":\"https:\/\/www.officinadoacrilico.com.br\/blog\/?s={search_term_string}\"},\"query-input\":{\"@type\":\"PropertyValueSpecification\",\"valueRequired\":true,\"valueName\":\"search_term_string\"}}],\"inLanguage\":\"pt-BR\"},{\"@type\":\"Organization\",\"@id\":\"https:\/\/www.officinadoacrilico.com.br\/blog\/#organization\",\"name\":\"Officina do Acrilico\",\"url\":\"https:\/\/www.officinadoacrilico.com.br\/blog\/\",\"logo\":{\"@type\":\"ImageObject\",\"inLanguage\":\"pt-BR\",\"@id\":\"https:\/\/www.officinadoacrilico.com.br\/blog\/#\/schema\/logo\/image\/\",\"url\":\"https:\/\/www.officinadoacrilico.com.br\/blog\/wp-content\/uploads\/2024\/04\/logo.png\",\"contentUrl\":\"https:\/\/www.officinadoacrilico.com.br\/blog\/wp-content\/uploads\/2024\/04\/logo.png\",\"width\":1645,\"height\":483,\"caption\":\"Officina do  Acrilico\"},\"image\":{\"@id\":\"https:\/\/www.officinadoacrilico.com.br\/blog\/#\/schema\/logo\/image\/\"}},{\"@type\":\"Person\",\"@id\":\"https:\/\/www.officinadoacrilico.com.br\/blog\/#\/schema\/person\/a4aa7fe3a4ee905122709c2390d42d15\",\"name\":\"admin\",\"image\":{\"@type\":\"ImageObject\",\"inLanguage\":\"pt-BR\",\"@id\":\"https:\/\/www.officinadoacrilico.com.br\/blog\/#\/schema\/person\/image\/\",\"url\":\"https:\/\/secure.gravatar.com\/avatar\/3813f53848958b8842eeafda91666185a90010f65ed554379b78794cde6f234a?s=96&d=mm&r=g\",\"contentUrl\":\"https:\/\/secure.gravatar.com\/avatar\/3813f53848958b8842eeafda91666185a90010f65ed554379b78794cde6f234a?s=96&d=mm&r=g\",\"caption\":\"admin\"},\"sameAs\":[\"https:\/\/www.officinadoacrilico.com.br\/blog\"],\"url\":\"https:\/\/www.officinadoacrilico.com.br\/blog\/author\/admin\/\"}]}<\/script>\n<!-- \/ Yoast SEO plugin. -->","yoast_head_json":{"title":"C\u00fapulas em acr\u00edlico: quando vale a pena? - Officina do Acrilico","description":"C\u00fapulas em acr\u00edlico unem prote\u00e7\u00e3o e transpar\u00eancia para destacar objetos, cole\u00e7\u00f5es e pe\u00e7as decorativas com resist\u00eancia e acabamento impec\u00e1vel.","robots":{"index":"index","follow":"follow","max-snippet":"max-snippet:-1","max-image-preview":"max-image-preview:large","max-video-preview":"max-video-preview:-1"},"canonical":"https:\/\/www.officinadoacrilico.com.br\/blog\/cupulas-em-acrilico-quando-vale-a-pena\/","og_locale":"pt_BR","og_type":"article","og_title":"C\u00fapulas em acr\u00edlico: quando vale a pena? - Officina do Acrilico","og_description":"C\u00fapulas em acr\u00edlico unem prote\u00e7\u00e3o e transpar\u00eancia para destacar objetos, cole\u00e7\u00f5es e pe\u00e7as decorativas com resist\u00eancia e acabamento impec\u00e1vel.","og_url":"https:\/\/www.officinadoacrilico.com.br\/blog\/cupulas-em-acrilico-quando-vale-a-pena\/","og_site_name":"Officina do Acrilico","article_published_time":"2026-08-21T11:04:38+00:00","article_modified_time":"2026-08-26T11:05:19+00:00","og_image":[{"width":1448,"height":1086,"url":"https:\/\/www.officinadoacrilico.com.br\/blog\/wp-content\/uploads\/2026\/08\/cupulas-em-acrilico.jpg","type":"image\/jpeg"}],"author":"admin","twitter_card":"summary_large_image","twitter_misc":{"Escrito por":"admin","Est. tempo de leitura":"5 minutos"},"schema":{"@context":"https:\/\/schema.org","@graph":[{"@type":"Article","@id":"https:\/\/www.officinadoacrilico.com.br\/blog\/cupulas-em-acrilico-quando-vale-a-pena\/#article","isPartOf":{"@id":"https:\/\/www.officinadoacrilico.com.br\/blog\/cupulas-em-acrilico-quando-vale-a-pena\/"},"author":{"name":"admin","@id":"https:\/\/www.officinadoacrilico.com.br\/blog\/#\/schema\/person\/a4aa7fe3a4ee905122709c2390d42d15"},"headline":"C\u00fapulas em acr\u00edlico: quando vale a pena?","datePublished":"2026-08-21T11:04:38+00:00","dateModified":"2026-08-26T11:05:19+00:00","mainEntityOfPage":{"@id":"https:\/\/www.officinadoacrilico.com.br\/blog\/cupulas-em-acrilico-quando-vale-a-pena\/"},"wordCount":836,"commentCount":0,"publisher":{"@id":"https:\/\/www.officinadoacrilico.com.br\/blog\/#organization"},"image":{"@id":"https:\/\/www.officinadoacrilico.com.br\/blog\/cupulas-em-acrilico-quando-vale-a-pena\/#primaryimage"},"thumbnailUrl":"https:\/\/www.officinadoacrilico.com.br\/blog\/wp-content\/uploads\/2026\/08\/cupulas-em-acrilico.jpg","keywords":["Como escolher o tamanho certo da c\u00fapula em acr\u00edlico?","Como limpar uma c\u00fapula em acr\u00edlico?","C\u00fapula em acr\u00edlico amarela com o tempo?","C\u00fapula em acr\u00edlico \u00e9 boa para vitrine de loja?","C\u00fapula em acr\u00edlico \u00e9 ideal para cole\u00e7\u00f5es?","C\u00fapula em acr\u00edlico \u00e9 mais segura que o vidro?","C\u00fapula em acr\u00edlico \u00e9 resistente a impacto?","C\u00fapula em acr\u00edlico pode ser feita sob medida?","C\u00fapula em acr\u00edlico protege contra poeira?","C\u00fapula em acr\u00edlico serve para proteger trof\u00e9us?","C\u00fapulas em acr\u00edlico","C\u00fapulas em acr\u00edlico comprar","C\u00fapulas em acr\u00edlico direto da fabrica","C\u00fapulas em acr\u00edlico em Carapicu\u00edba","C\u00fapulas em acr\u00edlico em Cotia","C\u00fapulas em acr\u00edlico em Diadema","C\u00fapulas em acr\u00edlico em Embu das Artes","C\u00fapulas em acr\u00edlico em Guarulhos","C\u00fapulas em acr\u00edlico em Ibi\u00fana","C\u00fapulas em acr\u00edlico em Itapecerica da Serra","C\u00fapulas em acr\u00edlico em Itapevi","C\u00fapulas em acr\u00edlico em Jandira","C\u00fapulas em acr\u00edlico em Mau\u00e1","C\u00fapulas em acr\u00edlico em Osasco","C\u00fapulas em acr\u00edlico em promo\u00e7\u00e3o","C\u00fapulas em acr\u00edlico em Ribeir\u00e3o Pires","C\u00fapulas em acr\u00edlico em Rio Grande da Serra","C\u00fapulas em acr\u00edlico em Santo Andr\u00e9","C\u00fapulas em acr\u00edlico em S\u00e3o Bernardo do Campo","C\u00fapulas em acr\u00edlico em S\u00e3o Caetano do Sul","C\u00fapulas em acr\u00edlico em S\u00e3o Louren\u00e7o da Serra","C\u00fapulas em acr\u00edlico em S\u00e3o Paulo","C\u00fapulas em acr\u00edlico em S\u00e3o Roque","C\u00fapulas em acr\u00edlico em Sorocaba","C\u00fapulas em acr\u00edlico em SP","C\u00fapulas em acr\u00edlico em Tabo\u00e3o da Serra","C\u00fapulas em acr\u00edlico em Vargem Grande Paulista","C\u00fapulas em acr\u00edlico na Grande S\u00e3o Paulo","C\u00fapulas em acr\u00edlico na Zona Leste","C\u00fapulas em acr\u00edlico na Zona Norte","C\u00fapulas em acr\u00edlico na Zona Oeste","C\u00fapulas em acr\u00edlico na Zona Sudeste","C\u00fapulas em acr\u00edlico na Zona Sul","C\u00fapulas em acr\u00edlico onde encontrar","C\u00fapulas em acr\u00edlico perto de mim","C\u00fapulas em acr\u00edlico pre\u00e7o","C\u00fapulas em acr\u00edlico pr\u00f3ximo a mim","Empresa de c\u00fapulas em acr\u00edlico","F\u00e1brica de c\u00fapulas em acr\u00edlico","Fabricante de c\u00fapulas em acr\u00edlico","Fornecedor de c\u00fapulas em acr\u00edlico","Loja de c\u00fapulas em acr\u00edlico","Onde usar c\u00fapula em acr\u00edlico?","Qual a diferen\u00e7a entre c\u00fapula de acr\u00edlico e de vidro?","Qual espessura de acr\u00edlico usar em uma c\u00fapula?","Quando vale a pena usar c\u00fapula em acr\u00edlico?","Quanto custa uma c\u00fapula em acr\u00edlico personalizada?"],"articleSection":["c\u00fapulas de acr\u00edlico"],"inLanguage":"pt-BR","potentialAction":[{"@type":"CommentAction","name":"Comment","target":["https:\/\/www.officinadoacrilico.com.br\/blog\/cupulas-em-acrilico-quando-vale-a-pena\/#respond"]}]},{"@type":"WebPage","@id":"https:\/\/www.officinadoacrilico.com.br\/blog\/cupulas-em-acrilico-quando-vale-a-pena\/","url":"https:\/\/www.officinadoacrilico.com.br\/blog\/cupulas-em-acrilico-quando-vale-a-pena\/","name":"C\u00fapulas em acr\u00edlico: quando vale a pena? - Officina do Acrilico","isPartOf":{"@id":"https:\/\/www.officinadoacrilico.com.br\/blog\/#website"},"primaryImageOfPage":{"@id":"https:\/\/www.officinadoacrilico.com.br\/blog\/cupulas-em-acrilico-quando-vale-a-pena\/#primaryimage"},"image":{"@id":"https:\/\/www.officinadoacrilico.com.br\/blog\/cupulas-em-acrilico-quando-vale-a-pena\/#primaryimage"},"thumbnailUrl":"https:\/\/www.officinadoacrilico.com.br\/blog\/wp-content\/uploads\/2026\/08\/cupulas-em-acrilico.jpg","datePublished":"2026-08-21T11:04:38+00:00","dateModified":"2026-08-26T11:05:19+00:00","description":"C\u00fapulas em acr\u00edlico unem prote\u00e7\u00e3o e transpar\u00eancia para destacar objetos, cole\u00e7\u00f5es e pe\u00e7as decorativas com resist\u00eancia e acabamento impec\u00e1vel.","breadcrumb":{"@id":"https:\/\/www.officinadoacrilico.com.br\/blog\/cupulas-em-acrilico-quando-vale-a-pena\/#breadcrumb"},"inLanguage":"pt-BR","potentialAction":[{"@type":"ReadAction","target":["https:\/\/www.officinadoacrilico.com.br\/blog\/cupulas-em-acrilico-quando-vale-a-pena\/"]}]},{"@type":"ImageObject","inLanguage":"pt-BR","@id":"https:\/\/www.officinadoacrilico.com.br\/blog\/cupulas-em-acrilico-quando-vale-a-pena\/#primaryimage","url":"https:\/\/www.officinadoacrilico.com.br\/blog\/wp-content\/uploads\/2026\/08\/cupulas-em-acrilico.jpg","contentUrl":"https:\/\/www.officinadoacrilico.com.br\/blog\/wp-content\/uploads\/2026\/08\/cupulas-em-acrilico.jpg","width":1448,"height":1086,"caption":"C\u00fapulas em acr\u00edlico: quando vale a pena?"},{"@type":"BreadcrumbList","@id":"https:\/\/www.officinadoacrilico.com.br\/blog\/cupulas-em-acrilico-quando-vale-a-pena\/#breadcrumb","itemListElement":[{"@type":"ListItem","position":1,"name":"In\u00edcio","item":"https:\/\/www.officinadoacrilico.com.br\/blog\/"},{"@type":"ListItem","position":2,"name":"C\u00fapulas em acr\u00edlico: quando vale a pena?"}]},{"@type":"WebSite","@id":"https:\/\/www.officinadoacrilico.com.br\/blog\/#website","url":"https:\/\/www.officinadoacrilico.com.br\/blog\/","name":"Officina do Acrilico","description":"Blog - Officina do Acrilico","publisher":{"@id":"https:\/\/www.officinadoacrilico.com.br\/blog\/#organization"},"potentialAction":[{"@type":"SearchAction","target":{"@type":"EntryPoint","urlTemplate":"https:\/\/www.officinadoacrilico.com.br\/blog\/?s={search_term_string}"},"query-input":{"@type":"PropertyValueSpecification","valueRequired":true,"valueName":"search_term_string"}}],"inLanguage":"pt-BR"},{"@type":"Organization","@id":"https:\/\/www.officinadoacrilico.com.br\/blog\/#organization","name":"Officina do Acrilico","url":"https:\/\/www.officinadoacrilico.com.br\/blog\/","logo":{"@type":"ImageObject","inLanguage":"pt-BR","@id":"https:\/\/www.officinadoacrilico.com.br\/blog\/#\/schema\/logo\/image\/","url":"https:\/\/www.officinadoacrilico.com.br\/blog\/wp-content\/uploads\/2024\/04\/logo.png","contentUrl":"https:\/\/www.officinadoacrilico.com.br\/blog\/wp-content\/uploads\/2024\/04\/logo.png","width":1645,"height":483,"caption":"Officina do  Acrilico"},"image":{"@id":"https:\/\/www.officinadoacrilico.com.br\/blog\/#\/schema\/logo\/image\/"}},{"@type":"Person","@id":"https:\/\/www.officinadoacrilico.com.br\/blog\/#\/schema\/person\/a4aa7fe3a4ee905122709c2390d42d15","name":"admin","image":{"@type":"ImageObject","inLanguage":"pt-BR","@id":"https:\/\/www.officinadoacrilico.com.br\/blog\/#\/schema\/person\/image\/","url":"https:\/\/secure.gravatar.com\/avatar\/3813f53848958b8842eeafda91666185a90010f65ed554379b78794cde6f234a?s=96&d=mm&r=g","contentUrl":"https:\/\/secure.gravatar.com\/avatar\/3813f53848958b8842eeafda91666185a90010f65ed554379b78794cde6f234a?s=96&d=mm&r=g","caption":"admin"},"sameAs":["https:\/\/www.officinadoacrilico.com.br\/blog"],"url":"https:\/\/www.officinadoacrilico.com.br\/blog\/author\/admin\/"}]}},"_links":{"self":[{"href":"https:\/\/www.officinadoacrilico.com.br\/blog\/wp-json\/wp\/v2\/posts\/234","targetHints":{"allow":["GET"]}}],"collection":[{"href":"https:\/\/www.officinadoacrilico.com.br\/blog\/wp-json\/wp\/v2\/posts"}],"about":[{"href":"https:\/\/www.officinadoacrilico.com.br\/blog\/wp-json\/wp\/v2\/types\/post"}],"author":[{"embeddable":true,"href":"https:\/\/www.officinadoacrilico.com.br\/blog\/wp-json\/wp\/v2\/users\/1"}],"replies":[{"embeddable":true,"href":"https:\/\/www.officinadoacrilico.com.br\/blog\/wp-json\/wp\/v2\/comments?post=234"}],"version-history":[{"count":1,"href":"https:\/\/www.officinadoacrilico.com.br\/blog\/wp-json\/wp\/v2\/posts\/234\/revisions"}],"predecessor-version":[{"id":236,"href":"https:\/\/www.officinadoacrilico.com.br\/blog\/wp-json\/wp\/v2\/posts\/234\/revisions\/236"}],"wp:featuredmedia":[{"embeddable":true,"href":"https:\/\/www.officinadoacrilico.com.br\/blog\/wp-json\/wp\/v2\/media\/235"}],"wp:attachment":[{"href":"https:\/\/www.officinadoacrilico.com.br\/blog\/wp-json\/wp\/v2\/media?parent=234"}],"wp:term":[{"taxonomy":"category","embeddable":true,"href":"https:\/\/www.officinadoacrilico.com.br\/blog\/wp-json\/wp\/v2\/categories?post=234"},{"taxonomy":"post_tag","embeddable":true,"href":"https:\/\/www.officinadoacrilico.com.br\/blog\/wp-json\/wp\/v2\/tags?post=234"}],"curies":[{"name":"wp","href":"https:\/\/api.w.org\/{rel}","templated":true}]}}